{"id":8820,"date":"2026-09-03T07:17:09","date_gmt":"2026-09-03T13:17:09","guid":{"rendered":"https:\/\/vozciudadana.com.mx\/?p=8820"},"modified":"2026-09-03T07:17:09","modified_gmt":"2026-09-03T13:17:09","slug":"entrega-monica-villarreal-cancha-de-basquetbol-rehabilitada-en-la-colonia-del-golfo","status":"publish","type":"post","link":"https:\/\/vozciudadana.com.mx\/index.php\/2026\/09\/03\/entrega-monica-villarreal-cancha-de-basquetbol-rehabilitada-en-la-colonia-del-golfo\/","title":{"rendered":"Entrega M\u00f3nica Villarreal cancha de b\u00e1squetbol rehabilitada en la colonia Del Golfo"},"content":{"rendered":"\n<p>Comunicado <\/p>\n\n\n\n<figure class=\"wp-block-image size-large\"><img fetchpriority=\"high\" decoding=\"async\" width=\"1024\" height=\"683\" src=\"https:\/\/vozciudadana.com.mx\/wp-content\/uploads\/2026\/09\/IMG-20260903-WA0019-1024x683.jpg\" alt=\"\" class=\"wp-image-8821\" srcset=\"https:\/\/vozciudadana.com.mx\/wp-content\/uploads\/2026\/09\/IMG-20260903-WA0019-1024x683.jpg 1024w, https:\/\/vozciudadana.com.mx\/wp-content\/uploads\/2026\/09\/IMG-20260903-WA0019-300x200.jpg 300w, https:\/\/vozciudadana.com.mx\/wp-content\/uploads\/2026\/09\/IMG-20260903-WA0019-768x512.jpg 768w, https:\/\/vozciudadana.com.mx\/wp-content\/uploads\/2026\/09\/IMG-20260903-WA0019-1536x1024.jpg 1536w, https:\/\/vozciudadana.com.mx\/wp-content\/uploads\/2026\/09\/IMG-20260903-WA0019-2048x1365.jpg 2048w\" sizes=\"(max-width: 1024px) 100vw, 1024px\" \/><\/figure>\n\n\n\n<p>Atendiendo la solicitud de los vecinos y deportistas de la colonia Guadalupe Victoria, la alcaldesa M\u00f3nica Villarreal Anaya entreg\u00f3 la rehabilitaci\u00f3n integral de la cancha de b\u00e1squetbol de la plaza Del Golfo, lo que contribuir\u00e1 a fortalecer la infraestructura deportiva y recuperar los espacios destinados a la convivencia social y familiar.<\/p>\n\n\n\n<p>M\u00f3nica Villarreal, acompa\u00f1ada del director de deportes, Jorge Lozano Cece\u00f1a; y del regidor presidente de la Comisi\u00f3n de Deportes, Edgar Trevi\u00f1o, asegur\u00f3 que el deporte y la cultura son herramientas fundamentales para construir entornos de paz, bienestar y desarrollo, al tiempo que refrend\u00f3 el compromiso de su administraci\u00f3n de atender con oportunidad las solicitudes ciudadanas.<\/p>\n\n\n\n<figure class=\"wp-block-image size-large\"><img decoding=\"async\" width=\"1024\" height=\"683\" src=\"https:\/\/vozciudadana.com.mx\/wp-content\/uploads\/2026\/09\/1000789988-1024x683.jpg\" alt=\"\" class=\"wp-image-8822\" srcset=\"https:\/\/vozciudadana.com.mx\/wp-content\/uploads\/2026\/09\/1000789988-1024x683.jpg 1024w, https:\/\/vozciudadana.com.mx\/wp-content\/uploads\/2026\/09\/1000789988-300x200.jpg 300w, https:\/\/vozciudadana.com.mx\/wp-content\/uploads\/2026\/09\/1000789988-768x512.jpg 768w, https:\/\/vozciudadana.com.mx\/wp-content\/uploads\/2026\/09\/1000789988-1536x1024.jpg 1536w, https:\/\/vozciudadana.com.mx\/wp-content\/uploads\/2026\/09\/1000789988-2048x1365.jpg 2048w\" sizes=\"(max-width: 1024px) 100vw, 1024px\" \/><\/figure>\n\n\n\n<p>\u201cEstamos trabajando, estamos dando resultados; somos un gobierno que escucha y hoy nos sentimos muy contentos de poder dar muestra de ese compromiso que tenemos con el deporte. Es una de las acciones a las que le hemos dado much\u00edsimo impulso, porque creemos firmemente que el deporte y la cultura son constructores de paz y que ayudan de manera definitiva a seguir manteniendo un municipio seguro, un municipio en paz\u201d, expres\u00f3.<\/p>\n\n\n\n<figure class=\"wp-block-image size-large\"><img decoding=\"async\" width=\"1024\" height=\"950\" src=\"https:\/\/vozciudadana.com.mx\/wp-content\/uploads\/2026\/09\/1000789984-1024x950.jpg\" alt=\"\" class=\"wp-image-8824\" srcset=\"https:\/\/vozciudadana.com.mx\/wp-content\/uploads\/2026\/09\/1000789984-1024x950.jpg 1024w, https:\/\/vozciudadana.com.mx\/wp-content\/uploads\/2026\/09\/1000789984-300x278.jpg 300w, https:\/\/vozciudadana.com.mx\/wp-content\/uploads\/2026\/09\/1000789984-768x713.jpg 768w, https:\/\/vozciudadana.com.mx\/wp-content\/uploads\/2026\/09\/1000789984.jpg 1260w\" sizes=\"(max-width: 1024px) 100vw, 1024px\" \/><\/figure>\n\n\n\n<p>Villarreal Anaya subray\u00f3 que la rehabilitaci\u00f3n de la citada cancha responde a una petici\u00f3n planteada directamente por los habitantes del sector, quienes solicitaron mejorar las condiciones del espacio para continuar desarrollando actividades deportivas y se suma, dijo, a la reciente rehabilitaci\u00f3n de las canchas de f\u00fatbol rehabilitadas en el marco del Mundial Social.<\/p>\n\n\n\n<p>A\u00f1adi\u00f3 que se buscar\u00e1 continuar con la mejora de este espacio, contemplando la incorporaci\u00f3n de una techumbre en una pr\u00f3xima etapa de obra p\u00fablica.<\/p>\n\n\n\n<p>\u201cVamos a seguir abonando con mejor infraestructura deportiva. Queremos que cada vez sean m\u00e1s las personas que disfruten de espacios dignos, de espacios sanos y agradables para poder practicar cualquier deporte y recuerden que hay un gobierno que los cuida, un gobierno que est\u00e1 atento a sus gestiones para atenderlas de manera inmediata \u201c, puntualiz\u00f3.<\/p>\n\n\n\n<p>Por \u00faltimo, la autoridad municipal explic\u00f3 que los trabajos realizados incluyeron la instalaci\u00f3n de nuevos tableros, aros, iluminaci\u00f3n y pintura especial antiderrapante en el piso, adem\u00e1s de una mejora integral del entorno.<\/p>\n\n\n\n<p>Al acto asistieron tambi\u00e9n, el titular de Bienestar Social en el municipio, Alejandro Rubio de la Portilla; presidenta del Movimiento Luis Adrian, Adriana Brambila; y el gerente general del Club Jaibos Tampico, Manuel del Angel Acosta, acompa\u00f1ado de jugadores de la quinteta profesional.<\/p>\n","protected":false},"excerpt":{"rendered":"<p>Comunicado Atendiendo la solicitud de los vecinos y deportistas de la colonia Guadalupe Victoria, la alcaldesa M\u00f3nica Villarreal Anaya entreg\u00f3 la rehabilitaci\u00f3n integral de la cancha de b\u00e1squetbol de la plaza Del Golfo, lo que contribuir\u00e1 a fortalecer la infraestructura deportiva y recuperar los espacios destinados a la convivencia social y familiar. M\u00f3nica Villarreal, acompa\u00f1ada [&hellip;]<\/p>\n","protected":false},"author":2,"featured_media":8821,"comment_status":"closed","ping_status":"closed","sticky":false,"template":"","format":"standard","meta":{"_eb_attr":"","footnotes":""},"categories":[1,13],"tags":[],"_links":{"self":[{"href":"https:\/\/vozciudadana.com.mx\/index.php\/wp-json\/wp\/v2\/posts\/8820"}],"collection":[{"href":"https:\/\/vozciudadana.com.mx\/index.php\/wp-json\/wp\/v2\/posts"}],"about":[{"href":"https:\/\/vozciudadana.com.mx\/index.php\/wp-json\/wp\/v2\/types\/post"}],"author":[{"embeddable":true,"href":"https:\/\/vozciudadana.com.mx\/index.php\/wp-json\/wp\/v2\/users\/2"}],"replies":[{"embeddable":true,"href":"https:\/\/vozciudadana.com.mx\/index.php\/wp-json\/wp\/v2\/comments?post=8820"}],"version-history":[{"count":1,"href":"https:\/\/vozciudadana.com.mx\/index.php\/wp-json\/wp\/v2\/posts\/8820\/revisions"}],"predecessor-version":[{"id":8825,"href":"https:\/\/vozciudadana.com.mx\/index.php\/wp-json\/wp\/v2\/posts\/8820\/revisions\/8825"}],"wp:featuredmedia":[{"embeddable":true,"href":"https:\/\/vozciudadana.com.mx\/index.php\/wp-json\/wp\/v2\/media\/8821"}],"wp:attachment":[{"href":"https:\/\/vozciudadana.com.mx\/index.php\/wp-json\/wp\/v2\/media?parent=8820"}],"wp:term":[{"taxonomy":"category","embeddable":true,"href":"https:\/\/vozciudadana.com.mx\/index.php\/wp-json\/wp\/v2\/categories?post=8820"},{"taxonomy":"post_tag","embeddable":true,"href":"https:\/\/vozciudadana.com.mx\/index.php\/wp-json\/wp\/v2\/tags?post=8820"}],"curies":[{"name":"wp","href":"https:\/\/api.w.org\/{rel}","templated":true}]}}