{"id":8816,"date":"2026-09-02T21:46:33","date_gmt":"2026-09-03T03:46:33","guid":{"rendered":"https:\/\/vozciudadana.com.mx\/?p=8816"},"modified":"2026-09-02T21:46:34","modified_gmt":"2026-09-03T03:46:34","slug":"exigen-intervencion-de-la-cndh-en-monclova-por-negligencia-medica-masiva-en-el-imss-dejan-ciegos-a-decenas","status":"publish","type":"post","link":"https:\/\/vozciudadana.com.mx\/index.php\/2026\/09\/02\/exigen-intervencion-de-la-cndh-en-monclova-por-negligencia-medica-masiva-en-el-imss-dejan-ciegos-a-decenas\/","title":{"rendered":"EXIGEN INTERVENCI\u00d3N DE LA CNDH EN MONCLOVA POR NEGLIGENCIA M\u00c9DICA MASIVA EN EL IMSS, DEJAN CIEGOS A DECENAS."},"content":{"rendered":"\n<p>Voz Ciudadana <br><br><strong>Monclova, Coahuila.<\/strong> \u2014 Ante la falta de respuestas y una soluci\u00f3n m\u00e9dica real, el ciudadano Domitilo Bernal Escobedo interpuso una formal queja ante la Comisi\u00f3n Nacional de los Derechos Humanos (CNDH), Delegaci\u00f3n Coahuila, en contra del Instituto Mexicano del Seguro Social (IMSS) en este municipio, por presunta negligencia m\u00e9dica que le ocasion\u00f3 la p\u00e9rdida del 80% de la vista en el ojo izquierdo.<br><br>Los hechos se remontan al pasado 25 de septiembre de 2025, fecha en la que el afectado, asegurado bajo el n\u00famero de registro 3277520035-5, fue sometido a una cirug\u00eda de catarata en las instalaciones del instituto.<\/p>\n\n\n\n<figure class=\"wp-block-image size-large\"><img fetchpriority=\"high\" decoding=\"async\" width=\"1024\" height=\"627\" src=\"https:\/\/vozciudadana.com.mx\/wp-content\/uploads\/2026\/09\/1000788167-1024x627.jpg\" alt=\"\" class=\"wp-image-8818\" srcset=\"https:\/\/vozciudadana.com.mx\/wp-content\/uploads\/2026\/09\/1000788167-1024x627.jpg 1024w, https:\/\/vozciudadana.com.mx\/wp-content\/uploads\/2026\/09\/1000788167-300x184.jpg 300w, https:\/\/vozciudadana.com.mx\/wp-content\/uploads\/2026\/09\/1000788167-768x470.jpg 768w, https:\/\/vozciudadana.com.mx\/wp-content\/uploads\/2026\/09\/1000788167.jpg 1512w\" sizes=\"(max-width: 1024px) 100vw, 1024px\" \/><\/figure>\n\n\n\n<p><br><br>De acuerdo con el documento presentado, dicha intervenci\u00f3n se llev\u00f3 a cabo de manera masiva, de forma simult\u00e1nea con aproximadamente otras 20 personas, un procedimiento que en su momento trascendi\u00f3 a la opini\u00f3n p\u00fablica y fue ampliamente cubierto por diversos medios de comunicaci\u00f3n locales y regionales debido a las m\u00faltiples afectaciones reportadas entre los pacientes.<br><br>A ra\u00edz de la intervenci\u00f3n quir\u00fargica, el se\u00f1or Bernal Escobedo sufri\u00f3 consecuencias fatales para su salud visual, perdiendo la gran mayor\u00eda de la capacidad visual del ojo intervenido.<br><br>Desde entonces, el afectado ha enfrentado un v\u00eda crucis institucional. Seg\u00fan expone en la queja interpuesta con fundamento en los art\u00edculos constitucionales y la ley de la materia, las autoridades m\u00e9dicas y administrativas del IMSS han incurrido sistem\u00e1ticamente en evasivas y promesas incumplidas relativas a una posible cirug\u00eda de rescate o correctiva.<br><br>Asimismo, denunci\u00f3 pr\u00e1cticas de desgaste administrativo que lo han obligado a acudir \u00abvuelta y vuelta\u00bb sin recibir atenci\u00f3n especializada ni una soluci\u00f3n m\u00e9dica que mitigue el da\u00f1o provocado a su integridad personal y a su derecho fundamental a la protecci\u00f3n de la salud.<br><br>Voz Ciudadana se\u00f1alo que con esta acci\u00f3n legal ante el organismo defensor de los derechos humanos, el ciudadano exige que se investigue la actuaci\u00f3n del personal m\u00e9dico y administrativo involucrado, se determinen las responsabilidades correspondientes y se garantice la reparaci\u00f3n integral del da\u00f1o.<br><br><\/p>\n","protected":false},"excerpt":{"rendered":"<p>Voz Ciudadana Monclova, Coahuila. \u2014 Ante la falta de respuestas y una soluci\u00f3n m\u00e9dica real, el ciudadano Domitilo Bernal Escobedo interpuso una formal queja ante la Comisi\u00f3n Nacional de los Derechos Humanos (CNDH), Delegaci\u00f3n Coahuila, en contra del Instituto Mexicano del Seguro Social (IMSS) en este municipio, por presunta negligencia m\u00e9dica que le ocasion\u00f3 la [&hellip;]<\/p>\n","protected":false},"author":2,"featured_media":8817,"comment_status":"closed","ping_status":"closed","sticky":false,"template":"","format":"standard","meta":{"_eb_attr":"","footnotes":""},"categories":[1,12,10],"tags":[],"_links":{"self":[{"href":"https:\/\/vozciudadana.com.mx\/index.php\/wp-json\/wp\/v2\/posts\/8816"}],"collection":[{"href":"https:\/\/vozciudadana.com.mx\/index.php\/wp-json\/wp\/v2\/posts"}],"about":[{"href":"https:\/\/vozciudadana.com.mx\/index.php\/wp-json\/wp\/v2\/types\/post"}],"author":[{"embeddable":true,"href":"https:\/\/vozciudadana.com.mx\/index.php\/wp-json\/wp\/v2\/users\/2"}],"replies":[{"embeddable":true,"href":"https:\/\/vozciudadana.com.mx\/index.php\/wp-json\/wp\/v2\/comments?post=8816"}],"version-history":[{"count":1,"href":"https:\/\/vozciudadana.com.mx\/index.php\/wp-json\/wp\/v2\/posts\/8816\/revisions"}],"predecessor-version":[{"id":8819,"href":"https:\/\/vozciudadana.com.mx\/index.php\/wp-json\/wp\/v2\/posts\/8816\/revisions\/8819"}],"wp:featuredmedia":[{"embeddable":true,"href":"https:\/\/vozciudadana.com.mx\/index.php\/wp-json\/wp\/v2\/media\/8817"}],"wp:attachment":[{"href":"https:\/\/vozciudadana.com.mx\/index.php\/wp-json\/wp\/v2\/media?parent=8816"}],"wp:term":[{"taxonomy":"category","embeddable":true,"href":"https:\/\/vozciudadana.com.mx\/index.php\/wp-json\/wp\/v2\/categories?post=8816"},{"taxonomy":"post_tag","embeddable":true,"href":"https:\/\/vozciudadana.com.mx\/index.php\/wp-json\/wp\/v2\/tags?post=8816"}],"curies":[{"name":"wp","href":"https:\/\/api.w.org\/{rel}","templated":true}]}}