{"id":2851,"date":"2024-02-18T21:22:22","date_gmt":"2024-02-19T03:22:22","guid":{"rendered":"https:\/\/vozciudadana.com.mx\/?p=2851"},"modified":"2024-02-18T21:22:22","modified_gmt":"2024-02-19T03:22:22","slug":"reeleccion-de-nayib-bukele-confirmada-por-el-tse-con-el-84-65-de-los-votos","status":"publish","type":"post","link":"https:\/\/vozciudadana.com.mx\/index.php\/2024\/02\/18\/reeleccion-de-nayib-bukele-confirmada-por-el-tse-con-el-84-65-de-los-votos\/","title":{"rendered":"Reelecci\u00f3n de Nayib Bukele confirmada por el TSE con el 84.65% de los votos"},"content":{"rendered":"\n<p>por: AFP<\/p>\n\n\n\n<figure class=\"wp-block-image size-large\"><img fetchpriority=\"high\" decoding=\"async\" width=\"1024\" height=\"576\" src=\"https:\/\/vozciudadana.com.mx\/wp-content\/uploads\/2024\/02\/nayib-bukele-presidente-el-salvador-reuters.png_554688468-1024x576.png\" alt=\"\" class=\"wp-image-2852\" srcset=\"https:\/\/vozciudadana.com.mx\/wp-content\/uploads\/2024\/02\/nayib-bukele-presidente-el-salvador-reuters.png_554688468-1024x576.png 1024w, https:\/\/vozciudadana.com.mx\/wp-content\/uploads\/2024\/02\/nayib-bukele-presidente-el-salvador-reuters.png_554688468-300x169.png 300w, https:\/\/vozciudadana.com.mx\/wp-content\/uploads\/2024\/02\/nayib-bukele-presidente-el-salvador-reuters.png_554688468-768x432.png 768w, https:\/\/vozciudadana.com.mx\/wp-content\/uploads\/2024\/02\/nayib-bukele-presidente-el-salvador-reuters.png_554688468.png 1200w\" sizes=\"(max-width: 1024px) 100vw, 1024px\" \/><\/figure>\n\n\n\n<p>El Tribunal Supremo Electoral (TSE) de El Salvador dej\u00f3 en firme la arrasadora reelecci\u00f3n del presidente Nayib Bukele con el<strong>&nbsp;84.65% de los votos en los comicios del pasado 4 de febrero<\/strong>.<\/p>\n\n\n\n<p>\u00abSe declaran electos presidente y vicepresidente de la Rep\u00fablica de El Salvador al se\u00f1or Nayib Armando Bukele Ortez y al se\u00f1or F\u00e9lix Ulloa, respectivamente\u00bb, indic\u00f3 el TSE en en un acta que deja en firme los resultados de la elecci\u00f3n divulgada en su cuenta de la red social X.<\/p>\n\n\n\n<p>Bukele gan\u00f3 con 84.65% de los votos, seg\u00fan consigna el TSE.<\/p>\n\n\n\n<p>El pasado 9 de febrero, al finalizar el escrutinio de las elecciones, el TSE anunci\u00f3 que<a href=\"https:\/\/www.eleconomista.com.mx\/internacionales\/Bukele-cree-que-hay-democracia-con-un-solo-partido-20240205-0097.html\" target=\"_blank\" rel=\"noreferrer noopener\">&nbsp;Bukele hab\u00eda ganado con 82.66% de los votos v\u00e1lidos<\/a>. Bukele debe iniciar su pr\u00f3ximo per\u00edodo de cinco a\u00f1os a partir del 1 de junio.<\/p>\n\n\n\n<p>El candidato presidencial de la exguerrilla izquierdista del Frente Farabundo Mart\u00ed para la Liberaci\u00f3n Nacional (FMLN), Manuel Flores, qued\u00f3 en segundo puesto con 6.40% de la votaci\u00f3n.<\/p>\n\n\n\n<p>En tanto, Joel S\u00e1nchez, de la derechista Alianza Republicana Nacionalista (Arena), obtuvo 5.57%, seg\u00fan el acta.<\/p>\n\n\n\n<h2 class=\"wp-block-heading\">Participaci\u00f3n electoral y oposici\u00f3n<\/h2>\n\n\n\n<p>El padr\u00f3n electoral incluy\u00f3 a 6.2 millones de personas de las cuales&nbsp;<a href=\"https:\/\/www.eleconomista.com.mx\/internacionales\/Bukele-consolida-un-poder-total-en-El-Salvador-con-el-85-de-los-votos-y-el-97-del-congreso-20240205-0033.html\" target=\"_blank\" rel=\"noreferrer noopener\">votaron 3.2 millones, una participaci\u00f3n de 52.60%, seg\u00fan el TSE<\/a>.<\/p>\n\n\n\n<p>La noche del domingo el tribunal anunci\u00f3 en su cuenta de X que al cabo de una semana \u00abconcluye el escrutinio final\u00bb de las elecciones legislativas.<\/p>\n\n\n\n<p>El TSE queda pendiente de oficializar c\u00f3mo qued\u00f3 conformado el nuevo Congreso que pasar\u00e1 de 84 a 60 diputados luego de una reforma a la ley electoral, pero en el que el partido Nuevas Ideas (NI), de Bukele, se encamina a ser el mayoritario y dominante.<\/p>\n","protected":false},"excerpt":{"rendered":"<p>por: AFP El Tribunal Supremo Electoral (TSE) de El Salvador dej\u00f3 en firme la arrasadora reelecci\u00f3n del presidente Nayib Bukele con el&nbsp;84.65% de los votos en los comicios del pasado 4 de febrero. \u00abSe declaran electos presidente y vicepresidente de la Rep\u00fablica de El Salvador al se\u00f1or Nayib Armando Bukele Ortez y al se\u00f1or F\u00e9lix [&hellip;]<\/p>\n","protected":false},"author":2,"featured_media":2852,"comment_status":"open","ping_status":"open","sticky":false,"template":"","format":"standard","meta":{"_eb_attr":"","footnotes":""},"categories":[1,14],"tags":[],"_links":{"self":[{"href":"https:\/\/vozciudadana.com.mx\/index.php\/wp-json\/wp\/v2\/posts\/2851"}],"collection":[{"href":"https:\/\/vozciudadana.com.mx\/index.php\/wp-json\/wp\/v2\/posts"}],"about":[{"href":"https:\/\/vozciudadana.com.mx\/index.php\/wp-json\/wp\/v2\/types\/post"}],"author":[{"embeddable":true,"href":"https:\/\/vozciudadana.com.mx\/index.php\/wp-json\/wp\/v2\/users\/2"}],"replies":[{"embeddable":true,"href":"https:\/\/vozciudadana.com.mx\/index.php\/wp-json\/wp\/v2\/comments?post=2851"}],"version-history":[{"count":1,"href":"https:\/\/vozciudadana.com.mx\/index.php\/wp-json\/wp\/v2\/posts\/2851\/revisions"}],"predecessor-version":[{"id":2853,"href":"https:\/\/vozciudadana.com.mx\/index.php\/wp-json\/wp\/v2\/posts\/2851\/revisions\/2853"}],"wp:featuredmedia":[{"embeddable":true,"href":"https:\/\/vozciudadana.com.mx\/index.php\/wp-json\/wp\/v2\/media\/2852"}],"wp:attachment":[{"href":"https:\/\/vozciudadana.com.mx\/index.php\/wp-json\/wp\/v2\/media?parent=2851"}],"wp:term":[{"taxonomy":"category","embeddable":true,"href":"https:\/\/vozciudadana.com.mx\/index.php\/wp-json\/wp\/v2\/categories?post=2851"},{"taxonomy":"post_tag","embeddable":true,"href":"https:\/\/vozciudadana.com.mx\/index.php\/wp-json\/wp\/v2\/tags?post=2851"}],"curies":[{"name":"wp","href":"https:\/\/api.w.org\/{rel}","templated":true}]}}