{"id":2847,"date":"2024-02-18T21:14:37","date_gmt":"2024-02-19T03:14:37","guid":{"rendered":"https:\/\/vozciudadana.com.mx\/?p=2847"},"modified":"2024-02-18T21:17:38","modified_gmt":"2024-02-19T03:17:38","slug":"claudia-sheinbaum-se-registra-ante-el-ine-como-candidata-a-la-presidencia-estos-seran-los-15-principios-de-su-gobierno-en-vivo","status":"publish","type":"post","link":"https:\/\/vozciudadana.com.mx\/index.php\/2024\/02\/18\/claudia-sheinbaum-se-registra-ante-el-ine-como-candidata-a-la-presidencia-estos-seran-los-15-principios-de-su-gobierno-en-vivo\/","title":{"rendered":"Claudia Sheinbaum se registra ante el INE como candidata a la presidencia; estos ser\u00e1n los 15 principios de su gobierno"},"content":{"rendered":"\n<h2 class=\"wp-block-heading\">En los pr\u00f3ximos d\u00edas, X\u00f3chitl G\u00e1lvez y Jorge \u00c1lvarez M\u00e1ynez presentar\u00e1n su registro ante el Instituto para contender por la Presidencia el 2 de junio<\/h2>\n\n\n\n<p>por: C\u00e9sar Jim\u00e9nez \/ Infobae<\/p>\n\n\n\n<p><strong>Claudia Sheinbaum critic\u00f3 a quienes asistieron a la Marcha por Nuestra Democracia<\/strong><\/p>\n\n\n\n<p>Claudia Sheinbaum asegur\u00f3 que su gabinete continuar\u00e1 con las reuniones de seguridad, y con respeto a su autonom\u00eda, invitar\u00e1 a ellas al fiscal general de la Rep\u00fablica.<\/p>\n\n\n\n<p>Destac\u00f3, desde el INE, las reformas que se presentaron el pasado 5 de febrero. Y lanz\u00f3 cr\u00edticas hacia quienes marcharon este d\u00eda en el centro de la Ciudad de M\u00e9xico a quienes acus\u00f3 de permitir y no hacer nada ante fraudes electorales.<\/p>\n\n\n\n<p>13:02&nbsp;hsHOY<\/p>\n\n\n\n<p><strong>Claudia Sheinbaum enlista propuestas de gobierno<\/strong><\/p>\n\n\n\n<p>La candidata presidencial enlist\u00f3 las propuesta de gobierno a las que llam\u00f3 \u201cprincipios generales del gobierno que encabezaremos\u201d:<\/p>\n\n\n\n<ol>\n<li>Un gobierno honesto y sin influyent\u00edsimo ni corrupci\u00f3n.<\/li>\n\n\n\n<li>Mantendr\u00e9 la divisi\u00f3n entre el poder econ\u00f3mico y pol\u00edtico.<\/li>\n\n\n\n<li>Haremos un gobierno austero con disciplina fiscal.<\/li>\n\n\n\n<li>Garantizaremos libertades de expresi\u00f3n, de reuni\u00f3n, de concentraci\u00f3n y movilizaci\u00f3n sin usar fuerza del estado para reprimir.<\/li>\n\n\n\n<li>Respetaremos y haremos respetar la libertad pol\u00edtica, social y sexual.<\/li>\n\n\n\n<li>Igualdad sustantiva de las mujeres ser\u00e1 garantizada.<\/li>\n\n\n\n<li>Dedicaremos el presupuesto p\u00fablico para garantizar programas de justicia y programas sociales.<\/li>\n\n\n\n<li>Promover el desarrollo cient\u00edfico y tecnol\u00f3gico.<\/li>\n\n\n\n<li>Promover\u00e9 derechos culturales<\/li>\n\n\n\n<li>Seguir\u00e1 con trenes y otros proyectos.<\/li>\n\n\n\n<li>Cuidara la soberan\u00eda energ\u00e9tica con Pemex y CFE<\/li>\n\n\n\n<li>Protecci\u00f3n de medio ambiente y recursos naturales para las pr\u00f3ximas generaciones.<\/li>\n\n\n\n<li>Promover\u00e1 soberan\u00eda alimentaria y no se sembrar\u00e1 ma\u00edz transg\u00e9nico.<\/li>\n\n\n\n<li>Facilitara la inversi\u00f3n privada y extranjera.<\/li>\n\n\n\n<li>Se profundizar\u00e1 la estrategia de seguridad y logros alcanzados.<\/li>\n<\/ol>\n\n\n\n<p>13:00&nbsp;hsHOY<\/p>\n\n\n\n<p><strong>Claudia Sheinbaum asegur\u00f3 que es tiempo de mujeres<\/strong><\/p>\n\n\n\n<p>La precandidata asegur\u00f3 que desde hoy la autodenominada cuarta transformaci\u00f3n tendr\u00e1 un nuevo rostro y ese ser\u00e1 el de una mujer: \u201cLa nueva etapa de la 4T tiene rostro de mujer\u201d<\/p>\n\n\n\n<p>12:56&nbsp;hsHOY<\/p>\n\n\n\n<p><strong>Claudia Sheinbaum reconoce logros del primer gobierno de Transformaci\u00f3n<\/strong><\/p>\n\n\n\n<p>\u201cHace seis a\u00f1os en este mismo luvar Lopez Obrador nos convoco a dar inicio a una nueva etapa en M\u00e9xico\u201d, asegur\u00f3 Claudia Sheinbaum tras presentar su registro, desde donde se dijo orgullosa de los logros durante estos a\u00f1os.<\/p>\n\n\n\n<p>Ante los gritos de \u201ces un honor estar con Obrador\u201d por parte de sus simpatizantes, Claudia Sheinbaum hizo enfasis en que M\u00e9xico ahora es respetado a nivel intermacional y destac\u00f3 algunos logros como el aumento al salario, reducci\u00f3n de pobreza y estabilidad del peso: \u201cmejor, imposible\u201d.<\/p>\n\n\n\n<p>12:49&nbsp;hsHOY<\/p>\n\n\n\n<p><strong>Claudia Sheinbaum agradece a sus compa\u00f1eros de partido por asistir a su registro<\/strong><\/p>\n\n\n\n<p>Claudia Sheinbaum, agradeci\u00f3 a los personajes y militantes de Morena, PVEM y PT que estuvieron presentes durante su registro como candidata.<\/p>\n\n\n\n<p>Entre ellos:<\/p>\n\n\n\n<ul>\n<li>Hamlet Garc\u00eda, diputado.<\/li>\n\n\n\n<li>C\u00e9sar Cravioto, senador.<\/li>\n\n\n\n<li><strong>Ad\u00e1n Augusto L\u00f3pez<\/strong>, exgobernador de Tabasco.<\/li>\n\n\n\n<li><strong>Ricardo Monreal<\/strong>, senador por Morena.<\/li>\n\n\n\n<li>Manuel Velasco, exgobernador sustituto de Chiapas.<\/li>\n\n\n\n<li>Marina del Pilar, gobernadora de Baja California.<\/li>\n\n\n\n<li>Carlos Merino, gobernador de Tabasco.<\/li>\n\n\n\n<li><strong>Marcelo Ebrard<\/strong>, exaspirante a la candidatura presidencial por Morena.<\/li>\n\n\n\n<li><strong>Gerardo Fern\u00e1ndez Noro\u00f1a<\/strong>.<\/li>\n\n\n\n<li>Hugo L\u00f3pez-Gatell.<\/li>\n<\/ul>\n\n\n\n<p>12:49&nbsp;hsHOY<\/p>\n\n\n\n<p>Delgado Carrillo asegur\u00f3 a las consejeras y consejeros del INE que Morena actuar\u00e1 conforme a la ley durante el periodo de campa\u00f1a. Mientras tanto, afuera del auditorio en el que se realiz\u00f3 el registro, personas gritaban arengas en favor de Sheinbaum Pardo: \u201cViva Claudia presidenta\u201d.<\/p>\n\n\n\n<p>Mario Delgado asegur\u00f3 que se lograr\u00e1 ganar la Presidencia de la Rep\u00fablica, y enfatiz\u00f3 en que todas las encuestas le dan una ventaja 2 a 1 a Claudia Sheinbaum, aunque llam\u00f3 a no confiarse y cuidar esa ventaja.<\/p>\n\n\n\n<p>Mario Delgado asegur\u00f3 que Morena realiz\u00f3 a un proceso interno \u201cin\u00e9dito\u201d y que dej\u00f3 atr\u00e1s una facultad metaconstitucional del presidente L\u00f3pez Obrador que era el de elegir a su sucesor.<\/p>\n\n\n\n<p>\u201cNuestra candidatura s\u00ed tiene un origen democr\u00e1tico. Hemos visto c\u00f3mo nuestras fuerzas opositoras tiene una candidata originada de un pacto\u201d, dijo el presidente nacional de Morena.<\/p>\n\n\n\n<p>12:48&nbsp;hsHOY<\/p>\n\n\n\n<p><strong>Claudia Sheinbaum<\/strong>&nbsp;fue la primera aspirante a la&nbsp;<strong>Presidencia&nbsp;<\/strong>de la Rep\u00fablica en presentar su registro ante el<strong>&nbsp;Instituto Nacional Electoral (INE)&nbsp;<\/strong>en v\u00edsperas del inicio del periodo de campa\u00f1as y con el firme objetivo en dar continuidad al gobierno del presidente&nbsp;<strong>Andr\u00e9s Manuel L\u00f3pez Obrador<\/strong>.<\/p>\n\n\n\n<p>Rodeada de personajes de gran peso como el presidente de&nbsp;<strong>Morena<\/strong>, Mario Delgado; la secretaria general del partido,<strong>&nbsp;Citlalli Hern\u00e1ndez<\/strong>; as\u00ed como integrantes de su equipo m\u00e1s cercano. Adem\u00e1s, Karen Castrej\u00f3n Trujillo, dirigente Nacional y consejera del Poder Legislativo del PVEM, y Alberto Anaya Guti\u00e9rrez, coordinador nacional del Partido del Trabajo.<\/p>\n\n\n\n<figure class=\"wp-block-gallery has-nested-images columns-default is-cropped wp-block-gallery-1 is-layout-flex wp-block-gallery-is-layout-flex\">\n\n\n<figure class=\"wp-block-image size-large\"><img fetchpriority=\"high\" decoding=\"async\" width=\"1024\" height=\"681\" data-id=\"2848\" src=\"https:\/\/vozciudadana.com.mx\/wp-content\/uploads\/2024\/02\/whatsapp-image-2023-11-19-at-34057-pm-1024x681.jpg\" alt=\"\" class=\"wp-image-2848\" srcset=\"https:\/\/vozciudadana.com.mx\/wp-content\/uploads\/2024\/02\/whatsapp-image-2023-11-19-at-34057-pm-1024x681.jpg 1024w, https:\/\/vozciudadana.com.mx\/wp-content\/uploads\/2024\/02\/whatsapp-image-2023-11-19-at-34057-pm-300x199.jpg 300w, https:\/\/vozciudadana.com.mx\/wp-content\/uploads\/2024\/02\/whatsapp-image-2023-11-19-at-34057-pm-768x511.jpg 768w, https:\/\/vozciudadana.com.mx\/wp-content\/uploads\/2024\/02\/whatsapp-image-2023-11-19-at-34057-pm.jpg 1280w\" sizes=\"(max-width: 1024px) 100vw, 1024px\" \/><\/figure>\n\n\n<\/figure>\n","protected":false},"excerpt":{"rendered":"<p>En los pr\u00f3ximos d\u00edas, X\u00f3chitl G\u00e1lvez y Jorge \u00c1lvarez M\u00e1ynez presentar\u00e1n su registro ante el Instituto para contender por la Presidencia el 2 de junio por: C\u00e9sar Jim\u00e9nez \/ Infobae Claudia Sheinbaum critic\u00f3 a quienes asistieron a la Marcha por Nuestra Democracia Claudia Sheinbaum asegur\u00f3 que su gabinete continuar\u00e1 con las reuniones de seguridad, y [&hellip;]<\/p>\n","protected":false},"author":2,"featured_media":2848,"comment_status":"open","ping_status":"open","sticky":false,"template":"","format":"standard","meta":{"_eb_attr":"","footnotes":""},"categories":[1,13],"tags":[],"_links":{"self":[{"href":"https:\/\/vozciudadana.com.mx\/index.php\/wp-json\/wp\/v2\/posts\/2847"}],"collection":[{"href":"https:\/\/vozciudadana.com.mx\/index.php\/wp-json\/wp\/v2\/posts"}],"about":[{"href":"https:\/\/vozciudadana.com.mx\/index.php\/wp-json\/wp\/v2\/types\/post"}],"author":[{"embeddable":true,"href":"https:\/\/vozciudadana.com.mx\/index.php\/wp-json\/wp\/v2\/users\/2"}],"replies":[{"embeddable":true,"href":"https:\/\/vozciudadana.com.mx\/index.php\/wp-json\/wp\/v2\/comments?post=2847"}],"version-history":[{"count":2,"href":"https:\/\/vozciudadana.com.mx\/index.php\/wp-json\/wp\/v2\/posts\/2847\/revisions"}],"predecessor-version":[{"id":2850,"href":"https:\/\/vozciudadana.com.mx\/index.php\/wp-json\/wp\/v2\/posts\/2847\/revisions\/2850"}],"wp:featuredmedia":[{"embeddable":true,"href":"https:\/\/vozciudadana.com.mx\/index.php\/wp-json\/wp\/v2\/media\/2848"}],"wp:attachment":[{"href":"https:\/\/vozciudadana.com.mx\/index.php\/wp-json\/wp\/v2\/media?parent=2847"}],"wp:term":[{"taxonomy":"category","embeddable":true,"href":"https:\/\/vozciudadana.com.mx\/index.php\/wp-json\/wp\/v2\/categories?post=2847"},{"taxonomy":"post_tag","embeddable":true,"href":"https:\/\/vozciudadana.com.mx\/index.php\/wp-json\/wp\/v2\/tags?post=2847"}],"curies":[{"name":"wp","href":"https:\/\/api.w.org\/{rel}","templated":true}]}}