{"id":2844,"date":"2024-02-18T21:03:11","date_gmt":"2024-02-19T03:03:11","guid":{"rendered":"https:\/\/vozciudadana.com.mx\/?p=2844"},"modified":"2024-02-18T21:03:11","modified_gmt":"2024-02-19T03:03:11","slug":"jueves-22-vence-plazo-para-registro-de-candidatos-a-diputaciones-federales","status":"publish","type":"post","link":"https:\/\/vozciudadana.com.mx\/index.php\/2024\/02\/18\/jueves-22-vence-plazo-para-registro-de-candidatos-a-diputaciones-federales\/","title":{"rendered":"Jueves 22 vence plazo para registro de candidatos a diputaciones federales"},"content":{"rendered":"\n<p>por: Roberto Ortiz <\/p>\n\n\n\n<figure class=\"wp-block-gallery has-nested-images columns-default is-cropped wp-block-gallery-1 is-layout-flex wp-block-gallery-is-layout-flex\">\n<figure class=\"wp-block-image size-large\"><img fetchpriority=\"high\" decoding=\"async\" width=\"1024\" height=\"768\" data-id=\"2845\" src=\"https:\/\/vozciudadana.com.mx\/wp-content\/uploads\/2024\/02\/a632c796-0000-4350-a11c-4b30c236a512-1024x768.jpg\" alt=\"\" class=\"wp-image-2845\" srcset=\"https:\/\/vozciudadana.com.mx\/wp-content\/uploads\/2024\/02\/a632c796-0000-4350-a11c-4b30c236a512-1024x768.jpg 1024w, https:\/\/vozciudadana.com.mx\/wp-content\/uploads\/2024\/02\/a632c796-0000-4350-a11c-4b30c236a512-300x225.jpg 300w, https:\/\/vozciudadana.com.mx\/wp-content\/uploads\/2024\/02\/a632c796-0000-4350-a11c-4b30c236a512-768x576.jpg 768w, https:\/\/vozciudadana.com.mx\/wp-content\/uploads\/2024\/02\/a632c796-0000-4350-a11c-4b30c236a512.jpg 1280w\" sizes=\"(max-width: 1024px) 100vw, 1024px\" \/><\/figure>\n<\/figure>\n\n\n\n<p>El pr\u00f3ximo jueves 22 de febrero marca el l\u00edmite para que los aspirantes a Diputados Federales presenten sus solicitudes de registro ante el INE. Sin embargo, hasta el momento, no se ha recibido ninguna solicitud a nivel distrital, seg\u00fan inform\u00f3 Erika Balderas, Vocal de la 03 Junta Distrital del INE.<\/p>\n\n\n\n<p>El calendario del Proceso Federal Electoral establece que del 15 al 22 de febrero se llevar\u00e1 a cabo el registro de candidaturas para la Presidencia de la Rep\u00fablica, Senadores y Diputados Federales. La ausencia de solicitudes a una semana del cierre del plazo es motivo de preocupaci\u00f3n para las autoridades electorales.<\/p>\n\n\n\n<p>Erika Balderas se\u00f1al\u00f3 que ning\u00fan partido pol\u00edtico ha manifestado su intenci\u00f3n de registrar candidatos a nivel distrital hasta el momento. Aunque el registro tambi\u00e9n puede llevarse a cabo directamente ante el Consejo General del INE en la Ciudad de M\u00e9xico, esto no ha ocurrido de manera supletoria a trav\u00e9s de un representante acreditado a nivel nacional.<\/p>\n\n\n\n<p>La Vocal de la 03 Junta Distrital del INE enfatiz\u00f3 que, en caso de que alg\u00fan partido pol\u00edtico decida registrar a sus candidatos a nivel distrital, estar\u00e1n dispuestos a recibir la documentaci\u00f3n correspondiente. No obstante, hasta la fecha, no han recibido ninguna solicitud por parte de los organismos pol\u00edticos.<\/p>\n\n\n\n<p>Con la fecha l\u00edmite del jueves 22 de febrero, se espera que los partidos pol\u00edticos, especialmente las alianzas entre MORENA-PT-Verde Ecologista y la alianza entre PRI-PAN-PRD, presenten sus candidaturas en tiempo y forma. Este proceso es crucial, ya que el 29 de febrero se realizar\u00e1 la validaci\u00f3n de las solicitudes que hayan cumplido con los requisitos establecidos.<\/p>\n\n\n\n<p>A pesar de la falta de solicitudes, Erika Balderas asegur\u00f3 que todo est\u00e1 listo para el inicio de las campa\u00f1as federales, programadas para arrancar el 01 de marzo, dando inicio a una etapa crucial en el proceso electoral.<\/p>\n","protected":false},"excerpt":{"rendered":"<p>por: Roberto Ortiz El pr\u00f3ximo jueves 22 de febrero marca el l\u00edmite para que los aspirantes a Diputados Federales presenten sus solicitudes de registro ante el INE. Sin embargo, hasta el momento, no se ha recibido ninguna solicitud a nivel distrital, seg\u00fan inform\u00f3 Erika Balderas, Vocal de la 03 Junta Distrital del INE. El calendario [&hellip;]<\/p>\n","protected":false},"author":2,"featured_media":2845,"comment_status":"open","ping_status":"open","sticky":false,"template":"","format":"standard","meta":{"_eb_attr":"","footnotes":""},"categories":[1,11],"tags":[],"_links":{"self":[{"href":"https:\/\/vozciudadana.com.mx\/index.php\/wp-json\/wp\/v2\/posts\/2844"}],"collection":[{"href":"https:\/\/vozciudadana.com.mx\/index.php\/wp-json\/wp\/v2\/posts"}],"about":[{"href":"https:\/\/vozciudadana.com.mx\/index.php\/wp-json\/wp\/v2\/types\/post"}],"author":[{"embeddable":true,"href":"https:\/\/vozciudadana.com.mx\/index.php\/wp-json\/wp\/v2\/users\/2"}],"replies":[{"embeddable":true,"href":"https:\/\/vozciudadana.com.mx\/index.php\/wp-json\/wp\/v2\/comments?post=2844"}],"version-history":[{"count":1,"href":"https:\/\/vozciudadana.com.mx\/index.php\/wp-json\/wp\/v2\/posts\/2844\/revisions"}],"predecessor-version":[{"id":2846,"href":"https:\/\/vozciudadana.com.mx\/index.php\/wp-json\/wp\/v2\/posts\/2844\/revisions\/2846"}],"wp:featuredmedia":[{"embeddable":true,"href":"https:\/\/vozciudadana.com.mx\/index.php\/wp-json\/wp\/v2\/media\/2845"}],"wp:attachment":[{"href":"https:\/\/vozciudadana.com.mx\/index.php\/wp-json\/wp\/v2\/media?parent=2844"}],"wp:term":[{"taxonomy":"category","embeddable":true,"href":"https:\/\/vozciudadana.com.mx\/index.php\/wp-json\/wp\/v2\/categories?post=2844"},{"taxonomy":"post_tag","embeddable":true,"href":"https:\/\/vozciudadana.com.mx\/index.php\/wp-json\/wp\/v2\/tags?post=2844"}],"curies":[{"name":"wp","href":"https:\/\/api.w.org\/{rel}","templated":true}]}}