{"id":2835,"date":"2024-02-18T20:31:08","date_gmt":"2024-02-19T02:31:08","guid":{"rendered":"https:\/\/vozciudadana.com.mx\/?p=2835"},"modified":"2024-02-18T20:31:09","modified_gmt":"2024-02-19T02:31:09","slug":"111-aniversario-del-ejercito-mexicano-una-perspectiva-femenina-desde-el-105-batallon-de-infanteria-en-frontera","status":"publish","type":"post","link":"https:\/\/vozciudadana.com.mx\/index.php\/2024\/02\/18\/111-aniversario-del-ejercito-mexicano-una-perspectiva-femenina-desde-el-105-batallon-de-infanteria-en-frontera\/","title":{"rendered":"111 aniversario del Ej\u00e9rcito Mexicano: Una perspectiva femenina desde el 105 Batall\u00f3n de Infanter\u00eda en Frontera"},"content":{"rendered":"\n<p>por: Roberto Ortiz <\/p>\n\n\n\n<figure class=\"wp-block-gallery has-nested-images columns-default is-cropped wp-block-gallery-1 is-layout-flex wp-block-gallery-is-layout-flex\">\n<figure class=\"wp-block-image size-large\"><img fetchpriority=\"high\" decoding=\"async\" width=\"768\" height=\"1024\" data-id=\"2837\" src=\"https:\/\/vozciudadana.com.mx\/wp-content\/uploads\/2024\/02\/a2664200-19bd-49bf-b012-21443355c658-768x1024.jpg\" alt=\"\" class=\"wp-image-2837\" srcset=\"https:\/\/vozciudadana.com.mx\/wp-content\/uploads\/2024\/02\/a2664200-19bd-49bf-b012-21443355c658-768x1024.jpg 768w, https:\/\/vozciudadana.com.mx\/wp-content\/uploads\/2024\/02\/a2664200-19bd-49bf-b012-21443355c658-225x300.jpg 225w, https:\/\/vozciudadana.com.mx\/wp-content\/uploads\/2024\/02\/a2664200-19bd-49bf-b012-21443355c658-1152x1536.jpg 1152w, https:\/\/vozciudadana.com.mx\/wp-content\/uploads\/2024\/02\/a2664200-19bd-49bf-b012-21443355c658.jpg 1200w\" sizes=\"(max-width: 768px) 100vw, 768px\" \/><\/figure>\n\n\n\n<figure class=\"wp-block-image size-large\"><img decoding=\"async\" width=\"768\" height=\"1024\" data-id=\"2836\" src=\"https:\/\/vozciudadana.com.mx\/wp-content\/uploads\/2024\/02\/ef45ea2e-20ee-4a5c-9baf-049882be3ea8-768x1024.jpg\" alt=\"\" class=\"wp-image-2836\" srcset=\"https:\/\/vozciudadana.com.mx\/wp-content\/uploads\/2024\/02\/ef45ea2e-20ee-4a5c-9baf-049882be3ea8-768x1024.jpg 768w, https:\/\/vozciudadana.com.mx\/wp-content\/uploads\/2024\/02\/ef45ea2e-20ee-4a5c-9baf-049882be3ea8-225x300.jpg 225w, https:\/\/vozciudadana.com.mx\/wp-content\/uploads\/2024\/02\/ef45ea2e-20ee-4a5c-9baf-049882be3ea8-1152x1536.jpg 1152w, https:\/\/vozciudadana.com.mx\/wp-content\/uploads\/2024\/02\/ef45ea2e-20ee-4a5c-9baf-049882be3ea8.jpg 1200w\" sizes=\"(max-width: 768px) 100vw, 768px\" \/><\/figure>\n<\/figure>\n\n\n\n<p>En conmemoraci\u00f3n al 111 aniversario del Ej\u00e9rcito Mexicano, nos acercamos a la perspectiva \u00fanica de una mujer destacada en este ejemplar destacamento, integrada al 105 Batall\u00f3n de Infanter\u00eda en Frontera. Dora Elia L\u00f3pez, dentista especializada y miembro del ej\u00e9rcito desde hace 8 a\u00f1os, comparte su visi\u00f3n sobre la evoluci\u00f3n y el significado de este brazo armado de M\u00e9xico, destacando su impacto no solo como una instituci\u00f3n de defensa, sino como una oportunidad de vida, preparaci\u00f3n y, sobre todo, desde el punto de vista humano.<\/p>\n\n\n\n<p>La elemento L\u00f3pez, quien d\u00eda a d\u00eda forma parte activa de la vida militar, ofrece una perspectiva \u00fanica sobre c\u00f3mo el Ej\u00e9rcito Mexicano ha evolucionado a lo largo de los a\u00f1os. M\u00e1s all\u00e1 de su funci\u00f3n como defensor de la naci\u00f3n, destaca c\u00f3mo esta instituci\u00f3n ha proporcionado oportunidades de crecimiento y desarrollo personal.<\/p>\n\n\n\n<p>\u00abRepresentar a todo un pa\u00eds es una responsabilidad significativa, pero tambi\u00e9n es una oportunidad de vida. Ver la evoluci\u00f3n del Ej\u00e9rcito Mexicano desde dentro es fascinante. Somos m\u00e1s que soldados; somos individuos con vidas particulares, familias y sue\u00f1os\u00bb, comenta la especialista en odontolog\u00eda militar.<\/p>\n\n\n\n<p>Dora Elia L\u00f3pez, motivada por el legado familiar, revela que su ingreso al ej\u00e9rcito fue impulsado por su padre, quien tambi\u00e9n fue parte de la Secretar\u00eda de la Defensa Nacional (SEDENA) en su juventud. \u00abNunca me imagin\u00e9 que un d\u00eda yo podr\u00eda estar tambi\u00e9n en las filas siguiendo sus pasos. No es f\u00e1cil, pero sin duda es muy satisfactorio, y aqu\u00ed mismo te dan las armas para tu desarrollo y poder llevar una vida en disciplina y orgullo\u00bb, explica con orgullo.<\/p>\n\n\n\n<p>La dentista militar destaca la importancia de reconocer la humanidad detr\u00e1s del uniforme. \u00abCada soldado tiene una historia, una familia, y enfrenta desaf\u00edos personales. Es esencial entender que, aunque arriesgamos nuestras vidas por la naci\u00f3n, tambi\u00e9n somos seres humanos con nuestras propias experiencias\u00bb.<\/p>\n\n\n\n<p>En este 111 aniversario, Dora Elia L\u00f3pez nos brinda una visi\u00f3n valiosa desde el interior del Ej\u00e9rcito Mexicano, record\u00e1ndonos que, m\u00e1s all\u00e1 de su funci\u00f3n como guardianes de la patria, los soldados son individuos comprometidos con un prop\u00f3sito mayor, pero nunca olvidando su humanidad.<\/p>\n","protected":false},"excerpt":{"rendered":"<p>por: Roberto Ortiz En conmemoraci\u00f3n al 111 aniversario del Ej\u00e9rcito Mexicano, nos acercamos a la perspectiva \u00fanica de una mujer destacada en este ejemplar destacamento, integrada al 105 Batall\u00f3n de Infanter\u00eda en Frontera. Dora Elia L\u00f3pez, dentista especializada y miembro del ej\u00e9rcito desde hace 8 a\u00f1os, comparte su visi\u00f3n sobre la evoluci\u00f3n y el significado [&hellip;]<\/p>\n","protected":false},"author":2,"featured_media":2836,"comment_status":"open","ping_status":"open","sticky":false,"template":"","format":"standard","meta":{"_eb_attr":"","footnotes":""},"categories":[1,11],"tags":[],"_links":{"self":[{"href":"https:\/\/vozciudadana.com.mx\/index.php\/wp-json\/wp\/v2\/posts\/2835"}],"collection":[{"href":"https:\/\/vozciudadana.com.mx\/index.php\/wp-json\/wp\/v2\/posts"}],"about":[{"href":"https:\/\/vozciudadana.com.mx\/index.php\/wp-json\/wp\/v2\/types\/post"}],"author":[{"embeddable":true,"href":"https:\/\/vozciudadana.com.mx\/index.php\/wp-json\/wp\/v2\/users\/2"}],"replies":[{"embeddable":true,"href":"https:\/\/vozciudadana.com.mx\/index.php\/wp-json\/wp\/v2\/comments?post=2835"}],"version-history":[{"count":1,"href":"https:\/\/vozciudadana.com.mx\/index.php\/wp-json\/wp\/v2\/posts\/2835\/revisions"}],"predecessor-version":[{"id":2838,"href":"https:\/\/vozciudadana.com.mx\/index.php\/wp-json\/wp\/v2\/posts\/2835\/revisions\/2838"}],"wp:featuredmedia":[{"embeddable":true,"href":"https:\/\/vozciudadana.com.mx\/index.php\/wp-json\/wp\/v2\/media\/2836"}],"wp:attachment":[{"href":"https:\/\/vozciudadana.com.mx\/index.php\/wp-json\/wp\/v2\/media?parent=2835"}],"wp:term":[{"taxonomy":"category","embeddable":true,"href":"https:\/\/vozciudadana.com.mx\/index.php\/wp-json\/wp\/v2\/categories?post=2835"},{"taxonomy":"post_tag","embeddable":true,"href":"https:\/\/vozciudadana.com.mx\/index.php\/wp-json\/wp\/v2\/tags?post=2835"}],"curies":[{"name":"wp","href":"https:\/\/api.w.org\/{rel}","templated":true}]}}