{"id":2818,"date":"2024-02-18T12:29:05","date_gmt":"2024-02-18T18:29:05","guid":{"rendered":"https:\/\/vozciudadana.com.mx\/?p=2818"},"modified":"2024-02-18T12:39:30","modified_gmt":"2024-02-18T18:39:30","slug":"ciudadanos-de-monclova-defienden-la-democracia-y-exigen-respeto-a-instituciones-clave","status":"publish","type":"post","link":"https:\/\/vozciudadana.com.mx\/index.php\/2024\/02\/18\/ciudadanos-de-monclova-defienden-la-democracia-y-exigen-respeto-a-instituciones-clave\/","title":{"rendered":"Ciudadanos de Monclova Defienden la Democracia y Exigen Respeto a Instituciones Clave"},"content":{"rendered":"\n<p>Realizaron la caminata de la plaza de las garzas hasta la plaza Alonso de Le\u00f3n donde se concentraron y se\u00f1alaron su postura con relaci\u00f3n a la defensa de las instituciones.<\/p>\n\n\n\n<p>Por: Roberto Ortiz <\/p>\n\n\n\n<p>Cientos de residentes de Monclova se unieron de manera contundente a una marcha por la democracia que tuvo lugar simult\u00e1neamente en varias ciudades de M\u00e9xico. En un evento lleno de fervor c\u00edvico, hombres, mujeres, j\u00f3venes y ni\u00f1os tomaron las calles para expresar su descontento con las acciones del Gobierno Federal dirigidas contra instituciones cruciales como el Instituto Nacional Electoral (INE) y la Suprema Corte de Justicia de la Naci\u00f3n (SCJN).<\/p>\n\n\n\n<p>Portando pancartas que reflejaban su profundo compromiso con la libertad, la educaci\u00f3n de calidad, la seguridad y la defensa de la SCJN, los participantes en Monclova demostraron su firme voluntad de salvaguardar los principios fundamentales de la democracia. Entre la multitud, se destac\u00f3 la presencia de hombres, mujeres, j\u00f3venes y ni\u00f1os, todos unidos en su determinaci\u00f3n de preservar los valores que consideran esenciales para el bienestar de la sociedad.<\/p>\n\n\n\n<p>Mario D\u00e1vila, quien se uni\u00f3 como ciudadano participante, expres\u00f3 la necesidad imperante de proteger la carta magna que rige a los mexicanos: la Constituci\u00f3n. D\u00e1vila enfatiz\u00f3 la importancia de la defensa de las instituciones democr\u00e1ticas y subray\u00f3 que los ciudadanos tienen la responsabilidad de velar por el respeto a la ley y la preservaci\u00f3n de los derechos fundamentales.<\/p>\n\n\n\n<figure class=\"wp-block-gallery has-nested-images columns-default is-cropped wp-block-gallery-1 is-layout-flex wp-block-gallery-is-layout-flex\">\n<figure class=\"wp-block-image size-large\"><img fetchpriority=\"high\" decoding=\"async\" width=\"1024\" height=\"576\" data-id=\"2819\" src=\"https:\/\/vozciudadana.com.mx\/wp-content\/uploads\/2024\/02\/2217187f-9521-4d4f-8746-f37597fbba7d-1024x576.jpg\" alt=\"\" class=\"wp-image-2819\" srcset=\"https:\/\/vozciudadana.com.mx\/wp-content\/uploads\/2024\/02\/2217187f-9521-4d4f-8746-f37597fbba7d-1024x576.jpg 1024w, https:\/\/vozciudadana.com.mx\/wp-content\/uploads\/2024\/02\/2217187f-9521-4d4f-8746-f37597fbba7d-300x169.jpg 300w, https:\/\/vozciudadana.com.mx\/wp-content\/uploads\/2024\/02\/2217187f-9521-4d4f-8746-f37597fbba7d-768x432.jpg 768w, https:\/\/vozciudadana.com.mx\/wp-content\/uploads\/2024\/02\/2217187f-9521-4d4f-8746-f37597fbba7d-1536x864.jpg 1536w, https:\/\/vozciudadana.com.mx\/wp-content\/uploads\/2024\/02\/2217187f-9521-4d4f-8746-f37597fbba7d.jpg 1600w\" sizes=\"(max-width: 1024px) 100vw, 1024px\" \/><\/figure>\n\n\n\n<figure class=\"wp-block-image size-large\"><img decoding=\"async\" width=\"1024\" height=\"768\" data-id=\"2820\" src=\"https:\/\/vozciudadana.com.mx\/wp-content\/uploads\/2024\/02\/20240221_115816A-1024x768.jpg\" alt=\"\" class=\"wp-image-2820\" srcset=\"https:\/\/vozciudadana.com.mx\/wp-content\/uploads\/2024\/02\/20240221_115816A-1024x768.jpg 1024w, https:\/\/vozciudadana.com.mx\/wp-content\/uploads\/2024\/02\/20240221_115816A-300x225.jpg 300w, https:\/\/vozciudadana.com.mx\/wp-content\/uploads\/2024\/02\/20240221_115816A-768x576.jpg 768w, https:\/\/vozciudadana.com.mx\/wp-content\/uploads\/2024\/02\/20240221_115816A-1536x1152.jpg 1536w, https:\/\/vozciudadana.com.mx\/wp-content\/uploads\/2024\/02\/20240221_115816A-2048x1536.jpg 2048w\" sizes=\"(max-width: 1024px) 100vw, 1024px\" \/><figcaption class=\"wp-element-caption\">This photo is taken by AllWinner&#8217;s v3-sdv<\/figcaption><\/figure>\n\n\n\n<figure class=\"wp-block-image size-large\"><img decoding=\"async\" width=\"1024\" height=\"768\" data-id=\"2822\" src=\"https:\/\/vozciudadana.com.mx\/wp-content\/uploads\/2024\/02\/20240221_120502A-1024x768.jpg\" alt=\"\" class=\"wp-image-2822\" srcset=\"https:\/\/vozciudadana.com.mx\/wp-content\/uploads\/2024\/02\/20240221_120502A-1024x768.jpg 1024w, https:\/\/vozciudadana.com.mx\/wp-content\/uploads\/2024\/02\/20240221_120502A-300x225.jpg 300w, https:\/\/vozciudadana.com.mx\/wp-content\/uploads\/2024\/02\/20240221_120502A-768x576.jpg 768w, https:\/\/vozciudadana.com.mx\/wp-content\/uploads\/2024\/02\/20240221_120502A-1536x1152.jpg 1536w, https:\/\/vozciudadana.com.mx\/wp-content\/uploads\/2024\/02\/20240221_120502A-2048x1536.jpg 2048w\" sizes=\"(max-width: 1024px) 100vw, 1024px\" \/><figcaption class=\"wp-element-caption\">This photo is taken by AllWinner&#8217;s v3-sdv<\/figcaption><\/figure>\n\n\n\n<figure class=\"wp-block-image size-large\"><img loading=\"lazy\" decoding=\"async\" width=\"1024\" height=\"683\" data-id=\"2823\" src=\"https:\/\/vozciudadana.com.mx\/wp-content\/uploads\/2024\/02\/IMG_3888-1024x683.jpg\" alt=\"\" class=\"wp-image-2823\" srcset=\"https:\/\/vozciudadana.com.mx\/wp-content\/uploads\/2024\/02\/IMG_3888-1024x683.jpg 1024w, https:\/\/vozciudadana.com.mx\/wp-content\/uploads\/2024\/02\/IMG_3888-300x200.jpg 300w, https:\/\/vozciudadana.com.mx\/wp-content\/uploads\/2024\/02\/IMG_3888-768x512.jpg 768w, https:\/\/vozciudadana.com.mx\/wp-content\/uploads\/2024\/02\/IMG_3888-1536x1024.jpg 1536w, https:\/\/vozciudadana.com.mx\/wp-content\/uploads\/2024\/02\/IMG_3888-2048x1365.jpg 2048w\" sizes=\"(max-width: 1024px) 100vw, 1024px\" \/><\/figure>\n\n\n\n<figure class=\"wp-block-image size-large\"><img loading=\"lazy\" decoding=\"async\" width=\"1024\" height=\"683\" data-id=\"2821\" src=\"https:\/\/vozciudadana.com.mx\/wp-content\/uploads\/2024\/02\/IMG_3894-1024x683.jpg\" alt=\"\" class=\"wp-image-2821\" srcset=\"https:\/\/vozciudadana.com.mx\/wp-content\/uploads\/2024\/02\/IMG_3894-1024x683.jpg 1024w, https:\/\/vozciudadana.com.mx\/wp-content\/uploads\/2024\/02\/IMG_3894-300x200.jpg 300w, https:\/\/vozciudadana.com.mx\/wp-content\/uploads\/2024\/02\/IMG_3894-768x512.jpg 768w, https:\/\/vozciudadana.com.mx\/wp-content\/uploads\/2024\/02\/IMG_3894-1536x1024.jpg 1536w, https:\/\/vozciudadana.com.mx\/wp-content\/uploads\/2024\/02\/IMG_3894-2048x1365.jpg 2048w\" sizes=\"(max-width: 1024px) 100vw, 1024px\" \/><\/figure>\n\n\n\n<figure class=\"wp-block-image size-large\"><img loading=\"lazy\" decoding=\"async\" width=\"1024\" height=\"683\" data-id=\"2824\" src=\"https:\/\/vozciudadana.com.mx\/wp-content\/uploads\/2024\/02\/IMG_3898-1024x683.jpg\" alt=\"\" class=\"wp-image-2824\" srcset=\"https:\/\/vozciudadana.com.mx\/wp-content\/uploads\/2024\/02\/IMG_3898-1024x683.jpg 1024w, https:\/\/vozciudadana.com.mx\/wp-content\/uploads\/2024\/02\/IMG_3898-300x200.jpg 300w, https:\/\/vozciudadana.com.mx\/wp-content\/uploads\/2024\/02\/IMG_3898-768x512.jpg 768w, https:\/\/vozciudadana.com.mx\/wp-content\/uploads\/2024\/02\/IMG_3898-1536x1024.jpg 1536w, https:\/\/vozciudadana.com.mx\/wp-content\/uploads\/2024\/02\/IMG_3898-2048x1365.jpg 2048w\" sizes=\"(max-width: 1024px) 100vw, 1024px\" \/><\/figure>\n\n\n\n<figure class=\"wp-block-image size-large\"><img loading=\"lazy\" decoding=\"async\" width=\"1024\" height=\"683\" data-id=\"2825\" src=\"https:\/\/vozciudadana.com.mx\/wp-content\/uploads\/2024\/02\/IMG_3900-1024x683.jpg\" alt=\"\" class=\"wp-image-2825\" srcset=\"https:\/\/vozciudadana.com.mx\/wp-content\/uploads\/2024\/02\/IMG_3900-1024x683.jpg 1024w, https:\/\/vozciudadana.com.mx\/wp-content\/uploads\/2024\/02\/IMG_3900-300x200.jpg 300w, https:\/\/vozciudadana.com.mx\/wp-content\/uploads\/2024\/02\/IMG_3900-768x512.jpg 768w, https:\/\/vozciudadana.com.mx\/wp-content\/uploads\/2024\/02\/IMG_3900-1536x1024.jpg 1536w, https:\/\/vozciudadana.com.mx\/wp-content\/uploads\/2024\/02\/IMG_3900-2048x1365.jpg 2048w\" sizes=\"(max-width: 1024px) 100vw, 1024px\" \/><\/figure>\n\n\n\n<figure class=\"wp-block-image size-large\"><img loading=\"lazy\" decoding=\"async\" width=\"1024\" height=\"683\" data-id=\"2826\" src=\"https:\/\/vozciudadana.com.mx\/wp-content\/uploads\/2024\/02\/IMG_3901-1024x683.jpg\" alt=\"\" class=\"wp-image-2826\" srcset=\"https:\/\/vozciudadana.com.mx\/wp-content\/uploads\/2024\/02\/IMG_3901-1024x683.jpg 1024w, https:\/\/vozciudadana.com.mx\/wp-content\/uploads\/2024\/02\/IMG_3901-300x200.jpg 300w, https:\/\/vozciudadana.com.mx\/wp-content\/uploads\/2024\/02\/IMG_3901-768x512.jpg 768w, https:\/\/vozciudadana.com.mx\/wp-content\/uploads\/2024\/02\/IMG_3901-1536x1024.jpg 1536w, https:\/\/vozciudadana.com.mx\/wp-content\/uploads\/2024\/02\/IMG_3901-2048x1365.jpg 2048w\" sizes=\"(max-width: 1024px) 100vw, 1024px\" \/><\/figure>\n\n\n\n<figure class=\"wp-block-image size-large\"><img loading=\"lazy\" decoding=\"async\" width=\"1024\" height=\"683\" data-id=\"2827\" src=\"https:\/\/vozciudadana.com.mx\/wp-content\/uploads\/2024\/02\/IMG_3911-1024x683.jpg\" alt=\"\" class=\"wp-image-2827\" srcset=\"https:\/\/vozciudadana.com.mx\/wp-content\/uploads\/2024\/02\/IMG_3911-1024x683.jpg 1024w, https:\/\/vozciudadana.com.mx\/wp-content\/uploads\/2024\/02\/IMG_3911-300x200.jpg 300w, https:\/\/vozciudadana.com.mx\/wp-content\/uploads\/2024\/02\/IMG_3911-768x512.jpg 768w, https:\/\/vozciudadana.com.mx\/wp-content\/uploads\/2024\/02\/IMG_3911-1536x1024.jpg 1536w, https:\/\/vozciudadana.com.mx\/wp-content\/uploads\/2024\/02\/IMG_3911-2048x1365.jpg 2048w\" sizes=\"(max-width: 1024px) 100vw, 1024px\" \/><\/figure>\n<\/figure>\n\n\n\n<p>La marcha no solo fue un acto de protesta, sino tambi\u00e9n una demostraci\u00f3n de unidad y solidaridad entre los habitantes de Monclova, quienes manifestaron su disposici\u00f3n a seguir luchando por un pa\u00eds donde prevalezca la democracia, la justicia y el respeto a las instituciones. En medio de un clima de empoderamiento c\u00edvico, los participantes expresaron su compromiso de ser la voz activa que defender\u00e1 la democracia y proteger\u00e1 los valores fundamentales que consideran esenciales para el futuro de M\u00e9xico.<\/p>\n","protected":false},"excerpt":{"rendered":"<p>Realizaron la caminata de la plaza de las garzas hasta la plaza Alonso de Le\u00f3n donde se concentraron y se\u00f1alaron su postura con relaci\u00f3n a la defensa de las instituciones. Por: Roberto Ortiz Cientos de residentes de Monclova se unieron de manera contundente a una marcha por la democracia que tuvo lugar simult\u00e1neamente en varias [&hellip;]<\/p>\n","protected":false},"author":2,"featured_media":2826,"comment_status":"open","ping_status":"open","sticky":false,"template":"","format":"standard","meta":{"_eb_attr":"","footnotes":""},"categories":[1,11],"tags":[],"_links":{"self":[{"href":"https:\/\/vozciudadana.com.mx\/index.php\/wp-json\/wp\/v2\/posts\/2818"}],"collection":[{"href":"https:\/\/vozciudadana.com.mx\/index.php\/wp-json\/wp\/v2\/posts"}],"about":[{"href":"https:\/\/vozciudadana.com.mx\/index.php\/wp-json\/wp\/v2\/types\/post"}],"author":[{"embeddable":true,"href":"https:\/\/vozciudadana.com.mx\/index.php\/wp-json\/wp\/v2\/users\/2"}],"replies":[{"embeddable":true,"href":"https:\/\/vozciudadana.com.mx\/index.php\/wp-json\/wp\/v2\/comments?post=2818"}],"version-history":[{"count":2,"href":"https:\/\/vozciudadana.com.mx\/index.php\/wp-json\/wp\/v2\/posts\/2818\/revisions"}],"predecessor-version":[{"id":2829,"href":"https:\/\/vozciudadana.com.mx\/index.php\/wp-json\/wp\/v2\/posts\/2818\/revisions\/2829"}],"wp:featuredmedia":[{"embeddable":true,"href":"https:\/\/vozciudadana.com.mx\/index.php\/wp-json\/wp\/v2\/media\/2826"}],"wp:attachment":[{"href":"https:\/\/vozciudadana.com.mx\/index.php\/wp-json\/wp\/v2\/media?parent=2818"}],"wp:term":[{"taxonomy":"category","embeddable":true,"href":"https:\/\/vozciudadana.com.mx\/index.php\/wp-json\/wp\/v2\/categories?post=2818"},{"taxonomy":"post_tag","embeddable":true,"href":"https:\/\/vozciudadana.com.mx\/index.php\/wp-json\/wp\/v2\/tags?post=2818"}],"curies":[{"name":"wp","href":"https:\/\/api.w.org\/{rel}","templated":true}]}}