{"id":2815,"date":"2024-02-18T10:33:50","date_gmt":"2024-02-18T16:33:50","guid":{"rendered":"https:\/\/vozciudadana.com.mx\/?p=2815"},"modified":"2024-02-18T10:37:02","modified_gmt":"2024-02-18T16:37:02","slug":"morena-sin-definir-y-con-conflicto-en-coahuila","status":"publish","type":"post","link":"https:\/\/vozciudadana.com.mx\/index.php\/2024\/02\/18\/morena-sin-definir-y-con-conflicto-en-coahuila\/","title":{"rendered":"MORENA SIN DEFINIR Y CON CONFLICTO EN COAHUILA"},"content":{"rendered":"\n<p>Armando de la Garza<\/p>\n\n\n\n<p>El \u00fanico partido pol\u00edtico por definir candidato a la alcald\u00eda en Monclova es Morena, y pareciera que la c\u00fapula en Ciudad de M\u00e9xico no sabe qu\u00e9 hacer.<\/p>\n\n\n\n<p>La semana pasada, las corcholatas se reunieron para hacer frente com\u00fan contra C\u00e9sar Flores, pues se\u00f1alan que no cuenta con ning\u00fan arraigo en la izquierda y lo siguen viendo como panista.<\/p>\n\n\n\n<p>Los j\u00f3venes y pol\u00edticos que llevan a\u00f1os en el partido se\u00f1alan que no van a aceptar ni votar por cualquiera que no sea de sus filas, y en ese tenor solo hay dos perfiles: Leonardo Rodr\u00edguez y el Zurdo Hern\u00e1ndez.<\/p>\n\n\n\n<p>A Poncho Almeraz no le fue bien en la reuni\u00f3n que \u00e9l mismo convoc\u00f3 la semana pasada, pues lo arremetieron pregunt\u00e1ndole qu\u00e9 hac\u00eda ah\u00ed y se\u00f1al\u00e1ndole: \u00ab\u00bfQu\u00e9 pitos tocas aqu\u00ed?\u00bb, seg\u00fan dijeron los morenistas.<\/p>\n\n\n\n<p>Por parte de las mujeres y viendo la equidad de g\u00e9nero, solo podr\u00eda ser Melva Farias por la Alianza con el PT o Claudia Garza del Toro, a quien parece ya la bajaron del tren.<\/p>\n\n\n\n<p>Ayer, las corcholatas en Coahuila fueron convocadas a Saltillo, donde esperaban supuestamente a Claudia Sheinbaum, pero nunca lleg\u00f3. Al parecer, la c\u00fapula morenista est\u00e1 dando largas para ver si enfr\u00edan la situaci\u00f3n en Coahuila, pero se ve complicado. La base morenista no quiere a candidatos que ya hayan participado por otros partido. <\/p>\n","protected":false},"excerpt":{"rendered":"<p>Armando de la Garza El \u00fanico partido pol\u00edtico por definir candidato a la alcald\u00eda en Monclova es Morena, y pareciera que la c\u00fapula en Ciudad de M\u00e9xico no sabe qu\u00e9 hacer. La semana pasada, las corcholatas se reunieron para hacer frente com\u00fan contra C\u00e9sar Flores, pues se\u00f1alan que no cuenta con ning\u00fan arraigo en la [&hellip;]<\/p>\n","protected":false},"author":2,"featured_media":2814,"comment_status":"open","ping_status":"open","sticky":false,"template":"","format":"standard","meta":{"_eb_attr":"","footnotes":""},"categories":[1,54,11,15],"tags":[],"_links":{"self":[{"href":"https:\/\/vozciudadana.com.mx\/index.php\/wp-json\/wp\/v2\/posts\/2815"}],"collection":[{"href":"https:\/\/vozciudadana.com.mx\/index.php\/wp-json\/wp\/v2\/posts"}],"about":[{"href":"https:\/\/vozciudadana.com.mx\/index.php\/wp-json\/wp\/v2\/types\/post"}],"author":[{"embeddable":true,"href":"https:\/\/vozciudadana.com.mx\/index.php\/wp-json\/wp\/v2\/users\/2"}],"replies":[{"embeddable":true,"href":"https:\/\/vozciudadana.com.mx\/index.php\/wp-json\/wp\/v2\/comments?post=2815"}],"version-history":[{"count":2,"href":"https:\/\/vozciudadana.com.mx\/index.php\/wp-json\/wp\/v2\/posts\/2815\/revisions"}],"predecessor-version":[{"id":2817,"href":"https:\/\/vozciudadana.com.mx\/index.php\/wp-json\/wp\/v2\/posts\/2815\/revisions\/2817"}],"wp:featuredmedia":[{"embeddable":true,"href":"https:\/\/vozciudadana.com.mx\/index.php\/wp-json\/wp\/v2\/media\/2814"}],"wp:attachment":[{"href":"https:\/\/vozciudadana.com.mx\/index.php\/wp-json\/wp\/v2\/media?parent=2815"}],"wp:term":[{"taxonomy":"category","embeddable":true,"href":"https:\/\/vozciudadana.com.mx\/index.php\/wp-json\/wp\/v2\/categories?post=2815"},{"taxonomy":"post_tag","embeddable":true,"href":"https:\/\/vozciudadana.com.mx\/index.php\/wp-json\/wp\/v2\/tags?post=2815"}],"curies":[{"name":"wp","href":"https:\/\/api.w.org\/{rel}","templated":true}]}}